{"id":7775,"date":"2024-12-16T17:35:20","date_gmt":"2024-12-16T16:35:20","guid":{"rendered":"https:\/\/merca.team\/?p=7775"},"modified":"2026-03-18T14:35:16","modified_gmt":"2026-03-18T13:35:16","slug":"multicualificacion-en-la-industria","status":"publish","type":"post","link":"https:\/\/merca.team\/es\/la-polycompetence-dans-l-industrie\/","title":{"rendered":"Multicualificaci\u00f3n en la industria: una palanca para el rendimiento y el desarrollo"},"content":{"rendered":"<p>Los centros industriales se enfrentan a grandes retos: fluctuaciones de la demanda, gesti\u00f3n del absentismo,.., <a href=\"https:\/\/merca.team\/es\/matriz-de-competencias\/\">mejorar las capacidades del equipo<\/a>. La polivalencia ofrece una respuesta concreta a estos retos al permitir a los operarios dominar varios \u00e1mbitos de especializaci\u00f3n dentro de su entorno de trabajo.<\/p>\n\n\n\n<div style=\"height:15px\" aria-hidden=\"true\" class=\"wp-block-spacer\"><\/div>\n\n\n\n<h2 class=\"wp-block-heading\">\u00bfQu\u00e9 es exactamente la polivalencia?<\/h2>\n\n\n\n<p>La polivalencia se refiere a la capacidad de un operario para trabajar en distintas \u00e1reas relacionadas con su actividad principal. Por ejemplo, un operario de producci\u00f3n capaz de realizar operaciones de mantenimiento de primer nivel o de control de calidad.<\/p>\n\n\n\n<p>No confundir con <a href=\"https:\/\/merca.team\/es\/versatilidad\/\">versatilidad<\/a> que consiste en dominar varios puestos dentro de una misma profesi\u00f3n, como un operario que sabe trabajar en distintas m\u00e1quinas de una cadena de producci\u00f3n.<\/p>\n\n\n\n<p>Esta distinci\u00f3n es importante porque ambos enfoques responden a necesidades diferentes:<\/p>\n\n\n\n<ul class=\"wp-block-list\">\n<li>Su versatilidad le permite gestionar rotaciones y sustituciones en la misma l\u00ednea<\/li>\n\n\n\n<li>La polivalencia da autonom\u00eda a los equipos en actividades complementarias<\/li>\n<\/ul>\n\n\n\n<p>En la pr\u00e1ctica, el <strong>polivalencia<\/strong> y el <strong>versatilidad<\/strong> se complementan entre s\u00ed: el primero ampl\u00eda <strong>conocimientos empresariales<\/strong>, la segunda refuerza la <strong>flexibilidad operativa<\/strong>.<\/p>\n\n\n\n<div style=\"height:15px\" aria-hidden=\"true\" class=\"wp-block-spacer\"><\/div>\n\n\n\n<h2 class=\"wp-block-heading\">Las ventajas de la polivalencia<\/h2>\n\n\n\n<h3 class=\"wp-block-heading\">Para la empresa: mayor agilidad en el d\u00eda a d\u00eda<\/h3>\n\n\n\n<p>La polivalencia refuerza la adaptabilidad de los centros industriales:<\/p>\n\n\n\n<ul class=\"wp-block-list\">\n<li>Mayor capacidad de reacci\u00f3n ante imprevistos de producci\u00f3n gracias a equipos m\u00e1s aut\u00f3nomos<\/li>\n\n\n\n<li>Mejor continuidad del servicio incluso en caso de ausencia<\/li>\n\n\n\n<li>Calidad optimizada gracias a la comprensi\u00f3n global de los procesos por parte de los operarios<\/li>\n<\/ul>\n\n\n\n<div style=\"height:5px\" aria-hidden=\"true\" class=\"wp-block-spacer\"><\/div>\n\n\n\n<h3 class=\"wp-block-heading\">Para los directivos: gesti\u00f3n de equipos m\u00e1s sencilla<\/h3>\n\n\n\n<p>La <strong>gesti\u00f3n de competencias<\/strong> se vuelve m\u00e1s fluido y el <strong>versatilidad<\/strong> permite distribuir las cargas de trabajo de forma m\u00e1s eficiente.<\/p>\n\n\n\n<ul class=\"wp-block-list\">\n<li>A <a href=\"https:\/\/merca.team\/es\/calendario-de-asignaciones\/\">planificaci\u00f3n m\u00e1s flexible de la mano de obra<\/a><\/li>\n\n\n\n<li>Gesti\u00f3n simplificada de ausencias y picos de actividad<\/li>\n\n\n\n<li>Equipos m\u00e1s implicados en la mejora continua<\/li>\n<\/ul>\n\n\n\n<div style=\"height:5px\" aria-hidden=\"true\" class=\"wp-block-spacer\"><\/div>\n\n\n\n<h3 class=\"wp-block-heading\">Para los empleados: desarrollo y reconocimiento<\/h3>\n\n\n\n<p>La polivalencia representa una oportunidad real para los operadores:<\/p>\n\n\n\n<ul class=\"wp-block-list\">\n<li>Enriquecer las misiones cotidianas<\/li>\n\n\n\n<li>Mayores perspectivas profesionales<\/li>\n\n\n\n<li>Mayor empleabilidad<\/li>\n\n\n\n<li>Mayor reconocimiento de su experiencia<\/li>\n<\/ul>\n\n\n\n<p>La polivalencia es, por tanto, un c\u00edrculo virtuoso que beneficia a todos los niveles de la organizaci\u00f3n. Sin embargo, su aplicaci\u00f3n requiere un enfoque estructurado y herramientas adecuadas para apoyar esta transformaci\u00f3n.<\/p>\n\n\n\n<div style=\"height:15px\" aria-hidden=\"true\" class=\"wp-block-spacer\"><\/div>\n\n\n\n<h2 class=\"wp-block-heading\">\u00bfC\u00f3mo puede ponerse en pr\u00e1ctica la polivalencia en su empresa?<\/h2>\n\n\n\n<h3 class=\"wp-block-heading\">Empezar por identificar las necesidades reales<\/h3>\n\n\n\n<p>El \u00e9xito de un enfoque multidisciplinar depende ante todo de un an\u00e1lisis preciso de las necesidades:<\/p>\n\n\n\n<ul class=\"wp-block-list\">\n<li>Identificar las estaciones de trabajo cr\u00edticas que requieren copias de seguridad<\/li>\n\n\n\n<li>Analizar los picos de actividad y los cuellos de botella<\/li>\n\n\n\n<li>Identificar las competencias poco comunes o que poseen pocos operadores.<\/li>\n\n\n\n<li>Evaluar <a href=\"https:\/\/www.latribune.fr\/entreprises-finance\/industrie\/un-million-de-departs-a-la-retraite-le-defi-de-l-industrie-francaise-1012042.html#:~:text=Mis%20en%20lumi%C3%A8re%20dans%20le,la%20retraite%20d'ici%202030.\">salidas previsibles<\/a> (<a href=\"https:\/\/www.insee.fr\/fr\/statistiques\/1908377\">pensiones<\/a>movilidad)<\/li>\n<\/ul>\n\n\n\n<div style=\"height:5px\" aria-hidden=\"true\" class=\"wp-block-spacer\"><\/div>\n\n\n\n<h3 class=\"wp-block-heading\">Cartograf\u00eda precisa de las instalaciones existentes<\/h3>\n\n\n\n<p>Una vez identificadas las necesidades, el <a href=\"https:\/\/merca.team\/es\/matriz-de-competencias\/\">cartograf\u00eda de competencias<\/a> le permite :<\/p>\n\n\n\n<ul class=\"wp-block-list\">\n<li>Evaluar el nivel real de operarios en cada puesto de trabajo<\/li>\n\n\n\n<li>Identificar a expertos que puedan formar a sus colegas<\/li>\n\n\n\n<li>Medir la diferencia entre las necesidades y los recursos disponibles<\/li>\n\n\n\n<li>Visualizar la polivalencia actual de los equipos<\/li>\n<\/ul>\n\n\n\n<p>La <a href=\"https:\/\/merca.team\/es\/matriz-de-competencias-y-polivalencia\/\" data-type=\"post\" data-id=\"4522\">matriz de competencias<\/a> desempe\u00f1a un papel fundamental. Debe ser din\u00e1mica y actualizarse peri\u00f3dicamente para mantener su pertinencia.<\/p>\n\n\n\n<div style=\"height:5px\" aria-hidden=\"true\" class=\"wp-block-spacer\"><\/div>\n\n\n\n<h3 class=\"wp-block-heading\">Crear itinerarios de formaci\u00f3n adecuados<\/h3>\n\n\n\n<p>El desarrollo de competencias se organiza en torno a :<\/p>\n\n\n\n<ul class=\"wp-block-list\">\n<li><a href=\"https:\/\/merca.team\/es\/formacion\/\">Formaci\u00f3n<\/a> teor\u00eda sobre los fundamentos<\/li>\n\n\n\n<li>Periodos de tutor\u00eda con expertos<\/li>\n\n\n\n<li>Simulaciones progresivas<\/li>\n\n\n\n<li>Evaluaci\u00f3n peri\u00f3dica del aprendizaje previo<\/li>\n<\/ul>\n\n\n\n<div style=\"height:5px\" aria-hidden=\"true\" class=\"wp-block-spacer\"><\/div>\n\n\n\n<h3 class=\"wp-block-heading\">Seguimiento y validaci\u00f3n de nuevas competencias<\/h3>\n\n\n\n<p>Le <a href=\"https:\/\/merca.team\/es\/formacion\/\">seguimiento de la formaci\u00f3n<\/a> solicitar :<\/p>\n\n\n\n<ul class=\"wp-block-list\">\n<li>Informes peri\u00f3dicos<\/li>\n\n\n\n<li>Evaluaciones formales del aprendizaje<\/li>\n\n\n\n<li>Validaci\u00f3n de competencias por expertos<\/li>\n\n\n\n<li>Actualizaci\u00f3n de la matriz de competencias<\/li>\n<\/ul>\n\n\n\n<div style=\"height:15px\" aria-hidden=\"true\" class=\"wp-block-spacer\"><\/div>\n\n\n\n<h2 class=\"wp-block-heading\">Factores clave del \u00e9xito<\/h2>\n\n\n\n<h3 class=\"wp-block-heading\">Apoyo humano constante<\/h3>\n\n\n\n<p>El \u00e9xito depende de :<\/p>\n\n\n\n<ul class=\"wp-block-list\">\n<li>Participaci\u00f3n de los gestores locales<\/li>\n\n\n\n<li>Apoyo de los expertos en su papel de formadores<\/li>\n\n\n\n<li>Escuchar las necesidades de los operadores<\/li>\n\n\n\n<li>Tener en cuenta el ritmo de cada uno<\/li>\n<\/ul>\n\n\n\n<div style=\"height:5px\" aria-hidden=\"true\" class=\"wp-block-spacer\"><\/div>\n\n\n\n<h3 class=\"wp-block-heading\">Herramientas de gesti\u00f3n eficaces<\/h3>\n\n\n\n<p>Las empresas de \u00e9xito se basan en :<\/p>\n\n\n\n<ul class=\"wp-block-list\">\n<li>Una matriz de <a href=\"https:\/\/merca.team\/es\/matriz-de-competencias\/\">competencias digitales<\/a> y actualizado<\/li>\n\n\n\n<li>Cuadros de mando para <a href=\"https:\/\/merca.team\/es\/formacion\/\">seguimiento de la formaci\u00f3n<\/a><\/li>\n\n\n\n<li>Alertas sobre competencias cr\u00edticas<\/li>\n\n\n\n<li>Indicadores de polivalencia para cada equipo<\/li>\n<\/ul>\n\n\n\n<div style=\"height:5px\" aria-hidden=\"true\" class=\"wp-block-spacer\"><\/div>\n\n\n\n<h3 class=\"wp-block-heading\">Valorar a los empleados implicados<\/h3>\n\n\n\n<p>El reconocimiento adopta varias formas:<\/p>\n\n\n\n<ul class=\"wp-block-list\">\n<li>Certificaci\u00f3n de nuevas competencias<\/li>\n\n\n\n<li>Cambio de responsabilidades<\/li>\n\n\n\n<li>Reconocimiento financiero<\/li>\n\n\n\n<li>Compartir el \u00e9xito<\/li>\n<\/ul>\n\n\n\n<div style=\"height:5px\" aria-hidden=\"true\" class=\"wp-block-spacer\"><\/div>\n\n\n\n<h3 class=\"wp-block-heading\">Comunicaci\u00f3n transparente<\/h3>\n\n\n\n<p>La comunicaci\u00f3n debe ser :<\/p>\n\n\n\n<ul class=\"wp-block-list\">\n<li>Informaci\u00f3n peri\u00f3dica sobre el progreso del proyecto<\/li>\n\n\n\n<li>Objetivos y expectativas claros<\/li>\n\n\n\n<li>Informaci\u00f3n bidireccional<\/li>\n\n\n\n<li>Positivo para recompensar los progresos<\/li>\n<\/ul>\n\n\n\n<div style=\"height:5px\" aria-hidden=\"true\" class=\"wp-block-spacer\"><\/div>\n\n\n\n<h3 class=\"wp-block-heading\">Prevenir la sobrecarga cognitiva en los equipos<\/h3>\n\n\n\n<p>El desarrollo de las competencias m\u00faltiples no debe convertirse en una fuente de estr\u00e9s:<\/p>\n\n\n\n<ul class=\"wp-block-list\">\n<li>Limitar el n\u00famero de nuevas competencias que se desarrollan en paralelo<\/li>\n\n\n\n<li>Dejar tiempo suficiente para la asimilaci\u00f3n<\/li>\n\n\n\n<li>Formaci\u00f3n alterna y experiencia pr\u00e1ctica<\/li>\n\n\n\n<li>Adaptar el ritmo a las capacidades de cada individuo<\/li>\n<\/ul>\n\n\n\n<div style=\"height:5px\" aria-hidden=\"true\" class=\"wp-block-spacer\"><\/div>\n\n\n\n<h3 class=\"wp-block-heading\">Mantener la motivaci\u00f3n a lo largo del tiempo<\/h3>\n\n\n\n<p>Varios factores pueden desmotivar a los equipos:<\/p>\n\n\n\n<ul class=\"wp-block-list\">\n<li>Objetivos demasiado ambiciosos o mal definidos<\/li>\n\n\n\n<li>Falta de reconocimiento de los esfuerzos<\/li>\n\n\n\n<li>Excesiva presi\u00f3n sobre los resultados<\/li>\n\n\n\n<li>Falta de perspectivas de desarrollo<\/li>\n<\/ul>\n\n\n\n<p>\u00bfLa soluci\u00f3n? Establecer objetivos progresivos y celebrar cada paso adelante.<\/p>\n\n\n\n<div style=\"height:5px\" aria-hidden=\"true\" class=\"wp-block-spacer\"><\/div>\n\n\n\n<h3 class=\"wp-block-heading\">Preservar los conocimientos existentes<\/h3>\n\n\n\n<p>Un riesgo importante: diluir la experiencia intentando que todos hagan de todo.<br>C\u00f3mo evitarlo:<\/p>\n\n\n\n<ul class=\"wp-block-list\">\n<li>Identificar y proteger los conocimientos cr\u00edticos<\/li>\n\n\n\n<li>Mantener una red de expertos en cada campo<\/li>\n\n\n\n<li>Organizar la transferencia de conocimientos<\/li>\n\n\n\n<li>Documentaci\u00f3n de buenas pr\u00e1cticas<\/li>\n<\/ul>\n\n\n\n<div style=\"height:15px\" aria-hidden=\"true\" class=\"wp-block-spacer\"><\/div>\n\n\n\n<h2 class=\"wp-block-heading\">Pluriempleo en la era digital<\/h2>\n\n\n\n<h3 class=\"wp-block-heading\">Lo digital como acelerador<\/h3>\n\n\n\n<p>La transformaci\u00f3n digital facilita la gesti\u00f3n de m\u00faltiples competencias:<\/p>\n\n\n\n<ul class=\"wp-block-list\">\n<li>Control de competencias en tiempo real<\/li>\n\n\n\n<li>Formaci\u00f3n digital accesible a todos<\/li>\n\n\n\n<li>Planificaci\u00f3n automatizada por competencias<\/li>\n\n\n\n<li>Evaluaci\u00f3n y certificaci\u00f3n de cada competencia desmaterializada<\/li>\n<\/ul>\n\n\n\n<div style=\"height:5px\" aria-hidden=\"true\" class=\"wp-block-spacer\"><\/div>\n\n\n\n<h3 class=\"wp-block-heading\">Perspectivas de desarrollo<\/h3>\n\n\n\n<p>Las competencias m\u00faltiples siguen evolucionando con :<\/p>\n\n\n\n<ul class=\"wp-block-list\">\n<li>Inteligencia artificial para optimizar la experiencia del cliente<\/li>\n\n\n\n<li>Realidad aumentada para la formaci\u00f3n<\/li>\n\n\n\n<li>Herramientas de colaboraci\u00f3n para compartir conocimientos<\/li>\n\n\n\n<li>An\u00e1lisis predictivos de las necesidades de competencias<\/li>\n<\/ul>\n\n\n\n<p>Este enfoque, correctamente aplicado y equipado, permite a las industrias mejorar su rendimiento y, al mismo tiempo, desarrollar a sus empleados. Este doble beneficio lo convierte en una importante palanca de transformaci\u00f3n de las organizaciones industriales.<\/p>","protected":false},"excerpt":{"rendered":"<p>Les sites industriels font face \u00e0 des d\u00e9fis majeurs : fluctuations de la demande, gestion des absences, polyvalence des postes et, mont\u00e9e en comp\u00e9tences des \u00e9quipes. La polycomp\u00e9tence apporte une r\u00e9ponse concr\u00e8te \u00e0 ces enjeux en permettant aux op\u00e9rateurs de ma\u00eetriser plusieurs domaines d&rsquo;expertise au sein de leur environnement de travail. Qu&rsquo;est-ce que la polycomp\u00e9tence [&hellip;]<\/p>\n","protected":false},"author":10,"featured_media":7778,"comment_status":"closed","ping_status":"closed","sticky":false,"template":"","format":"standard","meta":{"_seopress_robots_primary_cat":"none","_seopress_titles_title":"La polycomp\u00e9tence dans l'industrie : un levier de performance et d'\u00e9panouissement","_seopress_titles_desc":"La polycomp\u00e9tence d\u00e9signe la capacit\u00e9 d'un op\u00e9rateur \u00e0 intervenir sur diff\u00e9rents m\u00e9tiers connexes \u00e0 son activit\u00e9 principale. Par exemple, un op\u00e9rateur de production capable d'effectuer des op\u00e9rations de maintenance de premier niveau ou des contr\u00f4les qualit\u00e9.","_seopress_robots_index":"","footnotes":""},"categories":[9],"tags":[],"class_list":["post-7775","post","type-post","status-publish","format-standard","has-post-thumbnail","hentry","category-competences-habilitations"],"_links":{"self":[{"href":"https:\/\/merca.team\/es\/wp-json\/wp\/v2\/posts\/7775","targetHints":{"allow":["GET"]}}],"collection":[{"href":"https:\/\/merca.team\/es\/wp-json\/wp\/v2\/posts"}],"about":[{"href":"https:\/\/merca.team\/es\/wp-json\/wp\/v2\/types\/post"}],"author":[{"embeddable":true,"href":"https:\/\/merca.team\/es\/wp-json\/wp\/v2\/users\/10"}],"replies":[{"embeddable":true,"href":"https:\/\/merca.team\/es\/wp-json\/wp\/v2\/comments?post=7775"}],"version-history":[{"count":2,"href":"https:\/\/merca.team\/es\/wp-json\/wp\/v2\/posts\/7775\/revisions"}],"predecessor-version":[{"id":9826,"href":"https:\/\/merca.team\/es\/wp-json\/wp\/v2\/posts\/7775\/revisions\/9826"}],"wp:featuredmedia":[{"embeddable":true,"href":"https:\/\/merca.team\/es\/wp-json\/wp\/v2\/media\/7778"}],"wp:attachment":[{"href":"https:\/\/merca.team\/es\/wp-json\/wp\/v2\/media?parent=7775"}],"wp:term":[{"taxonomy":"category","embeddable":true,"href":"https:\/\/merca.team\/es\/wp-json\/wp\/v2\/categories?post=7775"},{"taxonomy":"post_tag","embeddable":true,"href":"https:\/\/merca.team\/es\/wp-json\/wp\/v2\/tags?post=7775"}],"curies":[{"name":"wp","href":"https:\/\/api.w.org\/{rel}","templated":true}]}}