{"id":4887,"date":"2024-02-21T08:26:40","date_gmt":"2024-02-21T07:26:40","guid":{"rendered":"https:\/\/merca.presspulp.com\/5-methodes-pour-optimiser-la-gestion-des-competences\/"},"modified":"2025-11-09T17:09:52","modified_gmt":"2025-11-09T16:09:52","slug":"5-metodos-para-optimizar-la-gestion-de-las-competencias","status":"publish","type":"post","link":"https:\/\/merca.team\/es\/5-methodes-pour-optimiser-la-gestion-des-competences\/","title":{"rendered":"5 m\u00e9todos para optimizar la gesti\u00f3n de las competencias"},"content":{"rendered":"<h2 class=\"wp-block-heading\" id=\"introduction\">Introducci\u00f3n<\/h2>\n\n\n\n<p>\u00bfC\u00f3mo puede asegurarse de que el talento de su empresa se mantiene a la vanguardia ante los r\u00e1pidos cambios del sector? La clave est\u00e1 en la supervisi\u00f3n y el desarrollo continuos de las competencias. He aqu\u00ed algunos m\u00e9todos de probada eficacia para los directivos que quieran optimizar el <a href=\"https:\/\/fr.wikipedia.org\/wiki\/Gestion_des_comp%C3%A9tences\">gesti\u00f3n de competencias<\/a>.<\/p>\n\n\n\n<div style=\"height:15px\" aria-hidden=\"true\" class=\"wp-block-spacer\"><\/div>\n\n\n\n<h2 class=\"wp-block-heading\" id=\"1-evaluer-regulierement-les-competences-face-a-l-industrie-4-0\">1 - Evaluaci\u00f3n peri\u00f3dica de las competencias para la Industria 4.0<\/h2>\n\n\n\n<p>En una era de cambios constantes y r\u00e1pidos avances tecnol\u00f3gicos, <a href=\"https:\/\/merca.team\/es\/matriz-de-competencias\/\">evaluaci\u00f3n de competencias<\/a> se est\u00e1 convirtiendo en un elemento clave. Este enfoque preventivo permite a las empresas seguir siendo competitivas y adaptar su mano de obra a las nuevas necesidades.<\/p>\n\n\n\n<div style=\"height:5px\" aria-hidden=\"true\" class=\"wp-block-spacer\"><\/div>\n\n\n\n<h4 class=\"wp-block-heading\" id=\"analyse-des-besoins\">An\u00e1lisis de las necesidades<\/h4>\n\n\n\n<p>Actuar dentro de <a href=\"https:\/\/www.bdc.ca\/fr\/articles-outils\/technologie\/investir-technologie\/quest-ce-que-industrie-4\">Industria 4.0<\/a>Como empresa, debemos comprender y anticiparnos al cambio. Esto significa establecer un <a href=\"https:\/\/merca.team\/es\/matriz-de-competencias\/\">cartograf\u00eda de competencias<\/a> e identificar las lagunas que deben colmarse, a fin de dar prioridad a la formaci\u00f3n necesaria para una adaptaci\u00f3n sin problemas.<\/p>\n\n\n\n<div style=\"height:5px\" aria-hidden=\"true\" class=\"wp-block-spacer\"><\/div>\n\n\n\n<h4 class=\"wp-block-heading\" id=\"strategie-de-montee-en-competences\">Estrategia de desarrollo de competencias<\/h4>\n\n\n\n<p>El desarrollo de una <a href=\"https:\/\/merca.team\/es\/matriz-de-competencias-y-polivalencia\/\">estrategia de desarrollo de competencias<\/a> es imperativo. Debe dirigirse a <a href=\"https:\/\/merca.team\/es\/formacion-de-los-empleados-basada-en-las-competencias\/\" data-type=\"link\" data-id=\"https:\/\/merca.team\/formation-collaborateurs-basee-sur-les-competences\/\">formaci\u00f3n de las personas<\/a> a sus necesidades espec\u00edficas, con la vista puesta en su desarrollo profesional y personal, a fin de reforzar su compromiso y productividad. El saber hacer es esencial, pero transmitirlo eficazmente representa un reto importante para las empresas.<\/p>\n\n\n\n<div style=\"height:15px\" aria-hidden=\"true\" class=\"wp-block-spacer\"><\/div>\n\n\n\n<figure class=\"wp-block-image size-large\"><a href=\"https:\/\/merca.team\/es\/webinarios-eventos\/como-bonduelle-transformo-la-gestion-de-sus-equipos-de-produccion-para-aumentar-la-productividad\/\"><img loading=\"lazy\" decoding=\"async\" width=\"1024\" height=\"299\" src=\"https:\/\/merca.team\/wp-content\/uploads\/2024\/02\/Banniere_Webinar_Bonduelle-1-1024x299.png\" alt=\"gesti\u00f3n de competencias\" class=\"wp-image-7547\" srcset=\"https:\/\/merca.team\/wp-content\/uploads\/2024\/02\/Banniere_Webinar_Bonduelle-1-1024x299.png 1024w, https:\/\/merca.team\/wp-content\/uploads\/2024\/02\/Banniere_Webinar_Bonduelle-1-88x26.png 88w, https:\/\/merca.team\/wp-content\/uploads\/2024\/02\/Banniere_Webinar_Bonduelle-1-300x88.png 300w, https:\/\/merca.team\/wp-content\/uploads\/2024\/02\/Banniere_Webinar_Bonduelle-1-768x224.png 768w, https:\/\/merca.team\/wp-content\/uploads\/2024\/02\/Banniere_Webinar_Bonduelle-1-1536x448.png 1536w, https:\/\/merca.team\/wp-content\/uploads\/2024\/02\/Banniere_Webinar_Bonduelle-1-2048x598.png 2048w, https:\/\/merca.team\/wp-content\/uploads\/2024\/02\/Banniere_Webinar_Bonduelle-1-1264x369.png 1264w, https:\/\/merca.team\/wp-content\/uploads\/2024\/02\/Banniere_Webinar_Bonduelle-1-182x53.png 182w, https:\/\/merca.team\/wp-content\/uploads\/2024\/02\/Banniere_Webinar_Bonduelle-1-100x29.png 100w, https:\/\/merca.team\/wp-content\/uploads\/2024\/02\/Banniere_Webinar_Bonduelle-1-830x242.png 830w, https:\/\/merca.team\/wp-content\/uploads\/2024\/02\/Banniere_Webinar_Bonduelle-1-450x131.png 450w, https:\/\/merca.team\/wp-content\/uploads\/2024\/02\/Banniere_Webinar_Bonduelle-1-360x105.png 360w, https:\/\/merca.team\/wp-content\/uploads\/2024\/02\/Banniere_Webinar_Bonduelle-1-18x5.png 18w\" sizes=\"auto, (max-width: 1024px) 100vw, 1024px\" \/><\/a><figcaption class=\"wp-element-caption\"><em>gesti\u00f3n de competencias<\/em> <em>Webinar<\/em><\/figcaption><\/figure>\n\n\n\n<div style=\"height:15px\" aria-hidden=\"true\" class=\"wp-block-spacer\"><\/div>\n\n\n\n<h2 class=\"wp-block-heading\" id=\"2-renforcer-le-transfert-de-savoir-faire-via-le-mentorat\">2 - Reforzar la transferencia de conocimientos a trav\u00e9s de la tutor\u00eda<\/h2>\n\n\n\n<p>El intercambio de conocimientos y competencias entre antiguos y nuevos colegas es fundamental para garantizar una gesti\u00f3n eficaz de las competencias\/conocimientos dentro de la empresa. Los programas de tutor\u00eda y mentor\u00eda proporcionan una estructura para este intercambio, que es esencial para el \u00e9xito de la integraci\u00f3n de nuevos talentos.<\/p>\n\n\n\n<div style=\"height:5px\" aria-hidden=\"true\" class=\"wp-block-spacer\"><\/div>\n\n\n\n<h4 class=\"wp-block-heading\" id=\"programmes-de-tutorat\">Programas de tutor\u00eda<\/h4>\n\n\n\n<p>Una soluci\u00f3n para una transici\u00f3n eficaz del conocimiento es establecer programas de tutor\u00eda, que son enriquecedores interpersonalmente y facilitan la transferencia de conocimientos entre empleados, sea cual sea su antig\u00fcedad y nivel de cualificaci\u00f3n.<\/p>\n\n\n\n<div style=\"height:5px\" aria-hidden=\"true\" class=\"wp-block-spacer\"><\/div>\n\n\n\n<h4 class=\"wp-block-heading\" id=\"continuite-du-savoir\">Continuidad de los conocimientos<\/h4>\n\n\n\n<p>La perennidad de los conocimientos industriales depende del equilibrio entre los conocimientos tradicionales y la adopci\u00f3n de nuevos m\u00e9todos. Las sesiones de colaboraci\u00f3n en las que confluyen experiencia e innovaci\u00f3n son beneficiosas para la cultura y la competitividad de una empresa.<\/p>\n\n\n\n<p>Para apoyar la transferencia de conocimientos, los directivos pueden :<\/p>\n\n\n\n<ol class=\"wp-block-list\">\n<li>Identificar y formar mentores dentro de su equipo,<\/li>\n\n\n\n<li>Organizar reuniones peri\u00f3dicas entre mentores y alumnos,<\/li>\n\n\n\n<li>Supervisar el desarrollo de la relaci\u00f3n de tutor\u00eda y el progreso del alumno,<\/li>\n\n\n\n<li>Recompensar a los mentores por su contribuci\u00f3n a la organizaci\u00f3n.<\/li>\n<\/ol>\n\n\n\n<div style=\"height:15px\" aria-hidden=\"true\" class=\"wp-block-spacer\"><\/div>\n\n\n\n<h2 class=\"wp-block-heading\" id=\"3-developper-une-strategie-de-formation-adaptee-aux-defis-actuels\">3 - Desarrollar una estrategia de formaci\u00f3n adaptada a los retos actuales<\/h2>\n\n\n\n<p>Los cursos de formaci\u00f3n deben estar dise\u00f1ados para satisfacer las necesidades pr\u00e1cticas y permitir la adquisici\u00f3n de competencias pertinentes para los cambios tecnol\u00f3gicos y sectoriales.<\/p>\n\n\n\n<div style=\"height:5px\" aria-hidden=\"true\" class=\"wp-block-spacer\"><\/div>\n\n\n\n<h4 class=\"wp-block-heading\" id=\"formation-ciblee\">Formaci\u00f3n espec\u00edfica<\/h4>\n\n\n\n<p>La estrategia de formaci\u00f3n debe estar bien pensada y centrarse en el desarrollo de competencias pr\u00e1cticas acordes con las innovaciones del sector. Para lograrlo, es necesaria una estrecha colaboraci\u00f3n entre la empresa y <a href=\"https:\/\/merca.team\/es\/formacion\/\">herramientas de formaci\u00f3n<\/a> suele ser necesario.<\/p>\n\n\n\n<div style=\"height:5px\" aria-hidden=\"true\" class=\"wp-block-spacer\"><\/div>\n\n\n\n<h4 class=\"wp-block-heading\" id=\"anticipation-des-evolutions\">Anticipar el cambio<\/h4>\n\n\n\n<p>Predecir las futuras tendencias del sector nos permite ajustar los programas de formaci\u00f3n y garantizar que los empleados est\u00e9n preparados para adoptar r\u00e1pidamente nuevas pr\u00e1cticas y tecnolog\u00edas.<\/p>\n\n\n\n<p>En <strong>Directores de RRHH<\/strong> puede seguir estos pasos para poner en marcha una estrategia de formaci\u00f3n eficaz:<\/p>\n\n\n\n<ol class=\"wp-block-list\">\n<li>Analizar peri\u00f3dicamente el entorno exterior para identificar las tendencias emergentes,<\/li>\n\n\n\n<li>Evaluar las competencias actuales de los empleados e identificar las necesidades de formaci\u00f3n,<\/li>\n\n\n\n<li>Elaborar y actualizar los programas de formaci\u00f3n en funci\u00f3n de los an\u00e1lisis,<\/li>\n\n\n\n<li>Trabajar con expertos y <a href=\"https:\/\/merca.team\/es\/formacion\/\">herramientas de formaci\u00f3n<\/a> para afinar el contenido de la ense\u00f1anza,<\/li>\n\n\n\n<li>Utilizar herramientas del sistema de seguimiento para evaluar el impacto de la formaci\u00f3n en el rendimiento.<\/li>\n<\/ol>\n\n\n\n<div style=\"height:15px\" aria-hidden=\"true\" class=\"wp-block-spacer\"><\/div>\n\n\n\n<h2 class=\"wp-block-heading\" id=\"4-integrer-les-solutions-numeriques-pour-un-suivi-performant-de-la-gestion-des-competences\">4 - Integraci\u00f3n de soluciones digitales para un seguimiento eficaz de la gesti\u00f3n de las competencias<\/h2>\n\n\n\n<p>El uso de <a href=\"https:\/\/merca.team\/es\/\">plataformas digitales<\/a> en el <a href=\"https:\/\/merca.team\/es\/matriz-de-competencias-y-polivalencia\/\">control de competencias<\/a> ofrece una visi\u00f3n en tiempo real y una mayor capacidad de reacci\u00f3n en la gesti\u00f3n de competencias\/talentos.<\/p>\n\n\n\n<div style=\"height:5px\" aria-hidden=\"true\" class=\"wp-block-spacer\"><\/div>\n\n\n\n<h4 class=\"wp-block-heading\" id=\"suivi-des-competences\">Control de competencias<\/h4>\n\n\n\n<p>El seguimiento digital proporciona una visi\u00f3n clara de las competencias disponibles en la empresa, simplificando la aplicaci\u00f3n de <a href=\"https:\/\/merca.team\/es\/formacion\/\">planes de formaci\u00f3n<\/a> y asignar los recursos all\u00ed donde sean necesarios.<\/p>\n\n\n\n<div style=\"height:5px\" aria-hidden=\"true\" class=\"wp-block-spacer\"><\/div>\n\n\n\n<h4 class=\"wp-block-heading\" id=\"digitalisation-et-performance\">Digitalizaci\u00f3n y rendimiento<\/h4>\n\n\n\n<p>La adopci\u00f3n de <a href=\"https:\/\/merca.team\/es\/matriz-de-competencias-y-polivalencia\/\">soluciones digitales para la gesti\u00f3n de competencias<\/a> vincula las necesidades operativas con los recursos humanos disponibles, proporcionando datos precisos y procesables para una mejor gesti\u00f3n de los recursos humanos. <a href=\"https:\/\/merca.team\/es\/calendario-de-asignaciones\/\">asignaci\u00f3n de talentos.<\/a><\/p>\n\n\n\n<p>La integraci\u00f3n de soluciones digitales permite a los directivos :<\/p>\n\n\n\n<ol class=\"wp-block-list\">\n<li>Acceda a informaci\u00f3n en tiempo real sobre los niveles de cualificaci\u00f3n de los empleados,<\/li>\n\n\n\n<li>Planifique una formaci\u00f3n espec\u00edfica basada en datos precisos y actualizados,<\/li>\n\n\n\n<li>Evite la introducci\u00f3n de datos redundantes y ahorre tiempo gracias a la compatibilidad con otros sistemas de RRHH.<\/li>\n<\/ol>\n\n\n\n<div style=\"height:15px\" aria-hidden=\"true\" class=\"wp-block-spacer\"><\/div>\n\n\n\n<h2 class=\"wp-block-heading\" id=\"5-favoriser-la-polyvalence-grace-a-la-formation-en-situation-de-travail\">5 - Fomentar la polivalencia mediante la formaci\u00f3n en el puesto de trabajo<\/h2>\n\n\n\n<p>La <a href=\"https:\/\/merca.team\/es\/formacion\/\">formaci\u00f3n operativa<\/a>Cuando se ejecuta bien, es sumamente eficaz para desarrollar la adaptabilidad y la versatilidad de las competencias de los empleados.<\/p>\n\n\n\n<div style=\"height:5px\" aria-hidden=\"true\" class=\"wp-block-spacer\"><\/div>\n\n\n\n<h4 class=\"wp-block-heading\" id=\"apprentissage-pratique\">Aprendizaje pr\u00e1ctico<\/h4>\n\n\n\n<p>La aplicaci\u00f3n directa de las lecciones garantiza una mejor retenci\u00f3n de la informaci\u00f3n y la aplicaci\u00f3n inmediata de las competencias en un contexto profesional.<\/p>\n\n\n\n<div style=\"height:5px\" aria-hidden=\"true\" class=\"wp-block-spacer\"><\/div>\n\n\n\n<h4 class=\"wp-block-heading\" id=\"adaptation-au-poste\">Adaptaci\u00f3n al puesto de trabajo<\/h4>\n\n\n\n<p>La formaci\u00f3n adaptada a los requisitos espec\u00edficos de cada puesto mejora la flexibilidad operativa de los empleados. Esto les permite ser r\u00e1pidamente operativos en diferentes puestos, mejorando as\u00ed la capacidad de respuesta global de la empresa.<\/p>\n\n\n\n<p>Recomendaciones para un aprendizaje pr\u00e1ctico eficaz :<\/p>\n\n\n\n<ol class=\"wp-block-list\">\n<li>Dise\u00f1ar cursos de formaci\u00f3n que simulen situaciones de trabajo reales,<\/li>\n\n\n\n<li>Variar los contextos y las herramientas utilizadas para enriquecer la experiencia de aprendizaje,<\/li>\n\n\n\n<li>Implicar a los empleados en la evaluaci\u00f3n y mejora continua de los m\u00e9todos de formaci\u00f3n.<\/li>\n<\/ol>\n\n\n\n<div style=\"height:15px\" aria-hidden=\"true\" class=\"wp-block-spacer\"><\/div>\n\n\n\n<h2 class=\"wp-block-heading\" id=\"conclusion\">Conclusi\u00f3n<\/h2>\n\n\n\n<p>En conclusi\u00f3n, la gesti\u00f3n de las competencias en la industria moderna requiere un enfoque polifac\u00e9tico, basado en la evaluaci\u00f3n peri\u00f3dica, la transferencia de conocimientos t\u00e9cnicos, la adaptaci\u00f3n de las estrategias de formaci\u00f3n, la integraci\u00f3n de soluciones digitales y la mejora de la polivalencia. Estos m\u00e9todos, lejos de ser independientes, se complementan para formar un ecosistema din\u00e1mico que responda a los r\u00e1pidos cambios que se est\u00e1n produciendo en la Industria 4.0.<\/p>\n\n\n\n<div style=\"height:5px\" aria-hidden=\"true\" class=\"wp-block-spacer\"><\/div>\n\n\n\n<p>Mediante la aplicaci\u00f3n de estas pr\u00e1cticas, las empresas no s\u00f3lo pueden anticiparse a los retos futuros, sino tambi\u00e9n maximizar el potencial de su mano de obra. La adopci\u00f3n de plataformas digitales colaborativas como Mercateam desempe\u00f1a un papel clave en esta transformaci\u00f3n, ya que ofrece un seguimiento preciso de las competencias, una planificaci\u00f3n autom\u00e1tica y un apoyo continuo a la formaci\u00f3n y la polivalencia de los empleados. Al adoptar estas innovaciones, las empresas industriales pueden garantizar que siguen siendo competitivas y \u00e1giles en un panorama en constante cambio, al tiempo que preservan y enriquecen su capital humano.<\/p>\n\n\n\n<p><em>gesti\u00f3n de competencias operativas<\/em><\/p>","protected":false},"excerpt":{"rendered":"<p>En este art\u00edculo exploramos estrategias esenciales para seguir siendo competitivos. He aqu\u00ed algunos m\u00e9todos de probada eficacia para los directivos que quieran optimizar la gesti\u00f3n de las competencias.<\/p>","protected":false},"author":10,"featured_media":4888,"comment_status":"open","ping_status":"open","sticky":false,"template":"","format":"standard","meta":{"_seopress_robots_primary_cat":"none","_seopress_titles_title":"5 m\u00e9thodes pour optimiser la gestion des comp\u00e9tences","_seopress_titles_desc":"Dans cet article, nous explorons des strat\u00e9gies essentielles pour rester comp\u00e9titif. Voici des m\u00e9thodes \u00e9prouv\u00e9es pour les managers d\u00e9sirant optimiser la gestion des comp\u00e9tences.","_seopress_robots_index":"","footnotes":""},"categories":[9],"tags":[],"class_list":["post-4887","post","type-post","status-publish","format-standard","has-post-thumbnail","hentry","category-competences-habilitations"],"_links":{"self":[{"href":"https:\/\/merca.team\/es\/wp-json\/wp\/v2\/posts\/4887","targetHints":{"allow":["GET"]}}],"collection":[{"href":"https:\/\/merca.team\/es\/wp-json\/wp\/v2\/posts"}],"about":[{"href":"https:\/\/merca.team\/es\/wp-json\/wp\/v2\/types\/post"}],"author":[{"embeddable":true,"href":"https:\/\/merca.team\/es\/wp-json\/wp\/v2\/users\/10"}],"replies":[{"embeddable":true,"href":"https:\/\/merca.team\/es\/wp-json\/wp\/v2\/comments?post=4887"}],"version-history":[{"count":3,"href":"https:\/\/merca.team\/es\/wp-json\/wp\/v2\/posts\/4887\/revisions"}],"predecessor-version":[{"id":9658,"href":"https:\/\/merca.team\/es\/wp-json\/wp\/v2\/posts\/4887\/revisions\/9658"}],"wp:featuredmedia":[{"embeddable":true,"href":"https:\/\/merca.team\/es\/wp-json\/wp\/v2\/media\/4888"}],"wp:attachment":[{"href":"https:\/\/merca.team\/es\/wp-json\/wp\/v2\/media?parent=4887"}],"wp:term":[{"taxonomy":"category","embeddable":true,"href":"https:\/\/merca.team\/es\/wp-json\/wp\/v2\/categories?post=4887"},{"taxonomy":"post_tag","embeddable":true,"href":"https:\/\/merca.team\/es\/wp-json\/wp\/v2\/tags?post=4887"}],"curies":[{"name":"wp","href":"https:\/\/api.w.org\/{rel}","templated":true}]}}